{"id":1724,"date":"2022-03-08T09:13:25","date_gmt":"2022-03-08T06:13:25","guid":{"rendered":"https:\/\/expo2023.org\/baskan-mahcicek-dubaide-expo-2023u-anlatti\/"},"modified":"2022-04-18T13:23:05","modified_gmt":"2022-04-18T13:23:05","slug":"onikisubat-mayor-mr-hanefi-mahcicek-made-a-presentation-of-the-expo-2023-duruing-the-spring-meeting-of-aiph-in-dubai","status":"publish","type":"post","link":"https:\/\/expo2023.org\/en\/onikisubat-mayor-mr-hanefi-mahcicek-made-a-presentation-of-the-expo-2023-duruing-the-spring-meeting-of-aiph-in-dubai\/","title":{"rendered":"ON\u0130K\u0130\u015eUBAT MAYOR MR. HANEF\u0130 MAH\u00c7\u0130\u00c7EK MADE A PRESENTATION OF THE EXPO 2023 DURUING THE SPRING MEETING OF AIPH IN DUBAI."},"content":{"rendered":"\t\t<div data-elementor-type=\"wp-post\" data-elementor-id=\"1724\" class=\"elementor elementor-1724\" data-elementor-settings=\"{&quot;ha_cmc_init_switcher&quot;:&quot;no&quot;}\" data-elementor-post-type=\"post\">\n\t\t\t\t\t\t<section class=\"elementor-section elementor-top-section elementor-element elementor-element-53fe840 elementor-section-boxed elementor-section-height-default elementor-section-height-default\" data-id=\"53fe840\" data-element_type=\"section\" data-e-type=\"section\" data-settings=\"{&quot;_ha_eqh_enable&quot;:false}\">\n\t\t\t\t\t\t<div class=\"elementor-container elementor-column-gap-default\">\n\t\t\t\t\t<div class=\"elementor-column elementor-col-100 elementor-top-column elementor-element elementor-element-5f82989b\" data-id=\"5f82989b\" data-element_type=\"column\" data-e-type=\"column\">\n\t\t\t<div class=\"elementor-widget-wrap elementor-element-populated\">\n\t\t\t\t\t\t<div class=\"elementor-element elementor-element-5a27ba01 elementor-widget elementor-widget-text-editor\" data-id=\"5a27ba01\" data-element_type=\"widget\" data-e-type=\"widget\" data-widget_type=\"text-editor.default\">\n\t\t\t\t<div class=\"elementor-widget-container\">\n\t\t\t\t\t\t\t\t\t<p>Oniki\u015fubat Mayor Mr. Hanefi Mah\u00e7i\u00e7ek made a presentation of the Expo 2023 duruing the spring meeting of AIPH in Dubai.<\/p><p>Ambassador Erdo\u011fan K\u00f6k assigned as the special advisor for Expo2023. During his visit to Kahramanmara\u015f he met with the Governor, Metropolitan Mayor, Rectors of two universities, Mayor of Dulkadiro\u011flu and the president and members\u00a0 of the Chamber of Commerce.<\/p>\t\t\t\t\t\t\t\t<\/div>\n\t\t\t\t<\/div>\n\t\t\t\t\t<\/div>\n\t\t<\/div>\n\t\t\t\t\t<\/div>\n\t\t<\/section>\n\t\t\t\t<\/div>\n\t\t","protected":false},"excerpt":{"rendered":"<p>Oniki\u015fubat Mayor Mr. Hanefi Mah\u00e7i\u00e7ek made a presentation of the Expo 2023 duruing the spring meeting of AIPH in Dubai. Ambassador Erdo\u011fan K\u00f6k assigned as the special advisor for Expo2023. During his visit to Kahramanmara\u015f he met with the Governor, Metropolitan Mayor, Rectors of two universities, Mayor of Dulkadiro\u011flu and the president and members\u00a0 of [&hellip;]<\/p>\n","protected":false},"author":1,"featured_media":949,"comment_status":"closed","ping_status":"closed","sticky":false,"template":"elementor_header_footer","format":"standard","meta":{"footnotes":""},"categories":[23],"tags":[],"class_list":["post-1724","post","type-post","status-publish","format-standard","has-post-thumbnail","hentry","category-haber-en"],"_links":{"self":[{"href":"https:\/\/expo2023.org\/en\/wp-json\/wp\/v2\/posts\/1724","targetHints":{"allow":["GET"]}}],"collection":[{"href":"https:\/\/expo2023.org\/en\/wp-json\/wp\/v2\/posts"}],"about":[{"href":"https:\/\/expo2023.org\/en\/wp-json\/wp\/v2\/types\/post"}],"author":[{"embeddable":true,"href":"https:\/\/expo2023.org\/en\/wp-json\/wp\/v2\/users\/1"}],"replies":[{"embeddable":true,"href":"https:\/\/expo2023.org\/en\/wp-json\/wp\/v2\/comments?post=1724"}],"version-history":[{"count":5,"href":"https:\/\/expo2023.org\/en\/wp-json\/wp\/v2\/posts\/1724\/revisions"}],"predecessor-version":[{"id":1729,"href":"https:\/\/expo2023.org\/en\/wp-json\/wp\/v2\/posts\/1724\/revisions\/1729"}],"wp:featuredmedia":[{"embeddable":true,"href":"https:\/\/expo2023.org\/en\/wp-json\/wp\/v2\/media\/949"}],"wp:attachment":[{"href":"https:\/\/expo2023.org\/en\/wp-json\/wp\/v2\/media?parent=1724"}],"wp:term":[{"taxonomy":"category","embeddable":true,"href":"https:\/\/expo2023.org\/en\/wp-json\/wp\/v2\/categories?post=1724"},{"taxonomy":"post_tag","embeddable":true,"href":"https:\/\/expo2023.org\/en\/wp-json\/wp\/v2\/tags?post=1724"}],"curies":[{"name":"wp","href":"https:\/\/api.w.org\/{rel}","templated":true}]}}