{"id":2225,"date":"2022-06-20T18:05:32","date_gmt":"2022-06-20T15:05:32","guid":{"rendered":"https:\/\/expo2023.org\/baskan-mahcicekten-karadenize-expo-2023-ziyareti\/"},"modified":"2022-06-20T18:12:49","modified_gmt":"2022-06-20T15:12:49","slug":"baskan-mahcicekten-karadenize-expo-2023-ziyareti","status":"publish","type":"post","link":"https:\/\/expo2023.org\/en\/baskan-mahcicekten-karadenize-expo-2023-ziyareti\/","title":{"rendered":"Ba\u015fkan Mah\u00e7i\u00e7ek\u2019ten Karadeniz\u2019e EXPO 2023 ziyareti"},"content":{"rendered":"\t\t<div data-elementor-type=\"wp-post\" data-elementor-id=\"2225\" class=\"elementor elementor-2225\" data-elementor-settings=\"{&quot;ha_cmc_init_switcher&quot;:&quot;no&quot;}\" data-elementor-post-type=\"post\">\n\t\t\t\t\t\t<section class=\"elementor-section elementor-top-section elementor-element elementor-element-528c1f15 elementor-section-boxed elementor-section-height-default elementor-section-height-default\" data-id=\"528c1f15\" data-element_type=\"section\" data-e-type=\"section\" data-settings=\"{&quot;_ha_eqh_enable&quot;:false}\">\n\t\t\t\t\t\t<div class=\"elementor-container elementor-column-gap-default\">\n\t\t\t\t\t<div class=\"elementor-column elementor-col-100 elementor-top-column elementor-element elementor-element-3a9739b5\" data-id=\"3a9739b5\" data-element_type=\"column\" data-e-type=\"column\">\n\t\t\t<div class=\"elementor-widget-wrap elementor-element-populated\">\n\t\t\t\t\t\t<div class=\"elementor-element elementor-element-26ac5441 elementor-widget elementor-widget-text-editor\" data-id=\"26ac5441\" data-element_type=\"widget\" data-e-type=\"widget\" data-widget_type=\"text-editor.default\">\n\t\t\t\t<div class=\"elementor-widget-container\">\n\t\t\t\t\t\t\t\t\t\n<p style=\"text-align: right;\"><strong>Ba\u015fkan Mah\u00e7i\u00e7ek\u2019ten Karadeniz\u2019e EXPO 2023 ziyareti<\/strong><\/p>\n\n<p><strong>Oniki\u015fubat Belediyesi ev sahipli\u011finde d\u00fczenlenecek olan ve en az 50 \u00fclkenin kat\u0131laca\u011f\u0131 EXPO 2023 Oniki\u015fubat-Kahramanmara\u015f\u2019a, T\u00fcrkiye\u2019den b\u00fcy\u00fck\u015fehir ve il\u00e7e belediyelerinin de kat\u0131l\u0131m\u0131n\u0131 art\u0131rmak amac\u0131yla Karadeniz\u2019e \u00e7\u0131karma yapan Oniki\u015fubat Belediye Ba\u015fkan\u0131 Hanefi Mah\u00e7i\u00e7ek, Trabzon, Samsun, Ordu ve Giresun\u2019a ziyaretler ger\u00e7ekle\u015ftirerek, resmi davet mektuplar\u0131n\u0131 bizzat takdim etti.<\/strong><\/p>\n\n<p>Oniki\u015fubat Belediye Ba\u015fkan\u0131 Hanefi Mah\u00e7i\u00e7ek\u2019in yo\u011fun \u00e7abalar\u0131yla kente kazand\u0131r\u0131lan Uluslararas\u0131 EXPO 2023 Oniki\u015fubat-Kahramanmara\u015f i\u00e7in \u00e7al\u0131\u015fmalar t\u00fcm h\u0131z\u0131yla devam ederken, ulusal ve uluslararas\u0131 kat\u0131l\u0131m\u0131 art\u0131rmak amac\u0131yla resmi davetler ger\u00e7ekle\u015ftiriliyor. K\u00fcresel bir organizasyon olmas\u0131 sebebiyle T\u00fcrkiye\u2019nin de temsil edilece\u011fi EXPO 2023 i\u00e7in bir taraftan uluslararas\u0131 davetleri ger\u00e7ekle\u015ftirmek \u00fczere Cumhurba\u015fkan\u0131 Recep Tayyip Erdo\u011fan\u2019\u0131n tensipleriyle EXPO 2023 \u00d6zel Dan\u0131\u015fman\u0131 olarak atanan B\u00fcy\u00fckel\u00e7i Erdo\u011fan K\u00f6k, di\u011fer taraftan da ulusal davetler ad\u0131na ev sahibi Oniki\u015fubat Belediye Ba\u015fkan\u0131 Hanefi Mah\u00e7i\u00e7ek ziyaretlerde bulunuyor.<\/p>\n\n<p><strong>Ba\u015fkan Mah\u00e7i\u00e7ek resmi davet mektubunu bizzat teslim etti<\/strong><\/p>\n\n<p>Bu kapsamda Karadeniz\u2019e \u00e7\u0131karma yapan Oniki\u015fubat Belediye Ba\u015fkan\u0131 Hanefi Mah\u00e7i\u00e7ek, EXPO 2023 \u00d6zel Dan\u0131\u015fman\u0131 B\u00fcy\u00fckel\u00e7i Erdo\u011fan K\u00f6k ve beraberindeki heyetle Trabzon, Samsun, Ordu ve Giresun\u2019a gitti. Samsun B\u00fcy\u00fck\u015fehir Belediye Ba\u015fkan\u0131 Mustafa Demir, Ordu B\u00fcy\u00fck\u015fehir Belediye Ba\u015fkan\u0131 Dr. Mehmet Hilmi G\u00fcler, Giresun Belediye Ba\u015fkan\u0131 Aytekin \u015eenliko\u011flu ve Trabzon B\u00fcy\u00fck\u015fehir Belediyesi Genel Sekreteri Ahmet Adanur\u2019u makam\u0131nda ziyaret eden Ba\u015fkan Mah\u00e7i\u00e7ek ve beraberindeki heyet, b\u00fct\u00fcn detaylar\u0131yla EXPO 2023 projesini, hedeflerini, Kahramanmara\u015f ve Oniki\u015fubat ile kat\u0131l\u0131mc\u0131 \u015fehirlere sa\u011flayaca\u011f\u0131 faydalar\u0131 anlatt\u0131. Tan\u0131t\u0131m filmi e\u015fli\u011finde EXPO 2023 hakk\u0131nda bilgiler veren Ba\u015fkan Mah\u00e7i\u00e7ek, resmi EXPO 2023 davet mektubu ile EXPO 2023 \u00f6zelinde haz\u0131rlanan ve Kahramanmara\u015f\u2019\u0131n de\u011ferlerini yans\u0131tan hediyeleri takdim etti.<\/p>\n\n<p><strong>\u201cKat\u0131l\u0131mc\u0131 \u015fehirler i\u00e7in EXPO 2023 b\u00fcy\u00fck bir f\u0131rsat\u201d<\/strong><\/p>\n\n<p>Samsun B\u00fcy\u00fck\u015fehir Belediye Ba\u015fkan\u0131 Mustafa Demir, Ordu B\u00fcy\u00fck\u015fehir Belediye Ba\u015fkan\u0131 Dr. Mehmet Hilmi G\u00fcler, Giresun Belediye Ba\u015fkan\u0131 Aytekin \u015eenliko\u011flu ve Trabzon B\u00fcy\u00fck\u015fehir Belediyesi Genel Sekreteri Ahmet Adanur\u2019a EXPO 2023 Projesini anlatan Ba\u015fkan Mah\u00e7i\u00e7ek, \u201cBizim gibi geli\u015fme a\u015famas\u0131ndaki \u015fehirler, EXPO kabilindeki y\u00fcksek profilli etkinlikleri kalk\u0131nma hedeflerinde \u00f6nemli bir strateji olarak g\u00f6rmekte ve bunun i\u00e7in birbirleri ile rekabet etmektedir. D\u00fcnya Fuarlar\u0131 veya di\u011fer bilinen ad\u0131yla EXPO, ev sahibi \u00fclke ve \u015fehirlere b\u0131rakt\u0131klar\u0131 kal\u0131c\u0131 eserlerin yan\u0131 s\u0131ra ekonomik, sosyal ve k\u00fclt\u00fcrel anlamda da y\u00fcksek prestijli etkinlikler aras\u0131nda yer almaktad\u0131r. Biz de Oniki\u015fubat Belediyesi olarak yapt\u0131\u011f\u0131m\u0131z \u00e7al\u0131\u015fmalar ve lobi faaliyetleri sonucunda EXPO\u2019yu Oniki\u015fubat\u2019\u0131m\u0131za ta\u015f\u0131mak i\u00e7in 2018 y\u0131l\u0131nda Uluslararas\u0131 Bah\u00e7e Bitkileri \u00dcreticileri Birli\u011fi (AIPH)\u2019ne ba\u015fvuru yapm\u0131\u015ft\u0131k. Yap\u0131lan genel kurul toplant\u0131s\u0131nda ise kar\u015f\u0131 oy olmaks\u0131z\u0131n b\u00fct\u00fcn \u00fcye \u00fclkelerin oyunu alarak Uluslararas\u0131 Bah\u00e7ecilik (Botanik) EXPO\u2019sunu 2023 y\u0131l\u0131 i\u00e7in \u015fehrimize ta\u015f\u0131d\u0131k. Kahramanmara\u015f i\u00e7in r\u00fcya gibi bir proje olan EXPO\u2019yu, 789 bin metrekarelik devasa rekreasyon alan\u0131m\u0131zda Cumhuriyetimizin 100\u2019\u00fcnc\u00fc y\u0131l d\u00f6n\u00fcm\u00fc olan 23 Nisan\u2019da ulusal ve uluslararas\u0131 temsilcilerimizin hizmetine a\u00e7aca\u011f\u0131z\u201d ifadelerini kulland\u0131.<\/p>\n\n<p><strong>\u201cKaradeniz\u2019i b\u00fct\u00fcn de\u011ferleriyle EXPO 2023\u2019de g\u00f6rmek istiyoruz\u201d<\/strong><\/p>\n\n<p>Kat\u0131l\u0131m say\u0131s\u0131n\u0131 art\u0131rmak ad\u0131na ziyaretler ger\u00e7ekle\u015ftirdiklerini belirten Ba\u015fkan Mah\u00e7i\u00e7ek, \u201cEXPO 2023\u2019\u00fcn ulusal ve uluslararas\u0131 kat\u0131l\u0131m\u0131n\u0131 art\u0131rmaya y\u00f6nelik EXPO 2023 \u00d6zel Dan\u0131\u015fman\u0131 B\u00fcy\u00fckel\u00e7i Erdo\u011fan K\u00f6k ile birlikte ziyaretler ger\u00e7ekle\u015ftiriyoruz. Bu kapsamda Karadeniz\u2019in muhte\u015fem do\u011fas\u0131 ve k\u00fclt\u00fcrel dinamikleriyle T\u00fcrkiye\u2019mizin g\u00fczide \u015fehirlerinden Trabzon, Samsun, Ordu ve Giresun\u2019a geldik. Trabzon, Samsun, Ordu ve Giresun, do\u011fa temelli projemizde bilgisiyle bizim EXPO\u2019da g\u00f6rmek istedi\u011fimiz \u015fehirlerden. Samsun B\u00fcy\u00fck\u015fehir Belediye Ba\u015fkan\u0131 Mustafa Demir, Ordu B\u00fcy\u00fck\u015fehir Belediye Ba\u015fkan\u0131 Dr. Mehmet Hilmi G\u00fcler, Giresun Belediye Ba\u015fkan\u0131 Aytekin \u015eenliko\u011flu ve Trabzon B\u00fcy\u00fck\u015fehir Belediyesi Genel Sekreteri Ahmet Adanur\u2019a nazik ev sahipli\u011fi i\u00e7in te\u015fekk\u00fcr ediyorum, biz \u0130n\u015fallah kadim \u015fehirlerimizi b\u00fct\u00fcn de\u011ferleriyle EXPO 2023\u2019te g\u00f6rmek istiyoruz\u201d dedi.<\/p>\n\n<p>EXPO 2023 Projesi\u2019nden etkilendiklerini belirten Samsun B\u00fcy\u00fck\u015fehir Belediye Ba\u015fkan\u0131 Mustafa Demir ve Ordu B\u00fcy\u00fck\u015fehir Belediye Ba\u015fkan\u0131 Dr. Mehmet Hilmi G\u00fcler de \u015fehirler aras\u0131ndaki ba\u011flar\u0131n g\u00fc\u00e7lenmesi ad\u0131na EXPO 2023\u2019\u00fcn \u00f6nemli bir f\u0131rsat oldu\u011funu kaydetti.<\/p>\n\t\t\t\t\t\t\t\t<\/div>\n\t\t\t\t<\/div>\n\t\t\t\t\t<\/div>\n\t\t<\/div>\n\t\t\t\t\t<\/div>\n\t\t<\/section>\n\t\t\t\t<section class=\"elementor-section elementor-top-section elementor-element elementor-element-531f898 elementor-section-boxed elementor-section-height-default elementor-section-height-default\" data-id=\"531f898\" data-element_type=\"section\" data-e-type=\"section\" data-settings=\"{&quot;_ha_eqh_enable&quot;:false}\">\n\t\t\t\t\t\t<div class=\"elementor-container elementor-column-gap-default\">\n\t\t\t\t\t<div class=\"elementor-column elementor-col-100 elementor-top-column elementor-element elementor-element-7df78d1\" data-id=\"7df78d1\" data-element_type=\"column\" data-e-type=\"column\">\n\t\t\t<div class=\"elementor-widget-wrap elementor-element-populated\">\n\t\t\t\t\t\t<div class=\"elementor-element elementor-element-7b34dd1 elementor-widget elementor-widget-image-gallery\" data-id=\"7b34dd1\" data-element_type=\"widget\" data-e-type=\"widget\" data-widget_type=\"image-gallery.default\">\n\t\t\t\t<div class=\"elementor-widget-container\">\n\t\t\t\t\t\t\t<div class=\"elementor-image-gallery\">\n\t\t\t<div id='gallery-1' class='gallery galleryid-2225 gallery-columns-4 gallery-size-full'><figure class='gallery-item'>\n\t\t\t<div class='gallery-icon '>\n\t\t\t\t<a data-elementor-open-lightbox=\"yes\" data-elementor-lightbox-slideshow=\"7b34dd1\" data-elementor-lightbox-title=\"Giresun\" data-e-action-hash=\"#elementor-action%3Aaction%3Dlightbox%26settings%3DeyJpZCI6MjI0MSwidXJsIjoiaHR0cHM6XC9cL2V4cG8yMDIzLm9yZ1wvd3AtY29udGVudFwvdXBsb2Fkc1wvMjAyMlwvMDZcL0dpcmVzdW4tc2NhbGVkLmpwZyIsInNsaWRlc2hvdyI6IjdiMzRkZDEifQ%3D%3D\" href='https:\/\/expo2023.org\/wp-content\/uploads\/2022\/06\/Giresun-scaled.jpg'><img decoding=\"async\" src=\"https:\/\/expo2023.org\/wp-content\/uploads\/2022\/06\/Giresun-scaled.jpg\" class=\"attachment-full size-full\" alt=\"\" \/><\/a>\n\t\t\t<\/div><\/figure><figure class='gallery-item'>\n\t\t\t<div class='gallery-icon '>\n\t\t\t\t<a data-elementor-open-lightbox=\"yes\" data-elementor-lightbox-slideshow=\"7b34dd1\" data-elementor-lightbox-title=\"IMG_20220607_114051\" data-e-action-hash=\"#elementor-action%3Aaction%3Dlightbox%26settings%3DeyJpZCI6MjIzOSwidXJsIjoiaHR0cHM6XC9cL2V4cG8yMDIzLm9yZ1wvd3AtY29udGVudFwvdXBsb2Fkc1wvMjAyMlwvMDZcL0lNR18yMDIyMDYwN18xMTQwNTEtc2NhbGVkLmpwZyIsInNsaWRlc2hvdyI6IjdiMzRkZDEifQ%3D%3D\" href='https:\/\/expo2023.org\/wp-content\/uploads\/2022\/06\/IMG_20220607_114051-scaled.jpg'><img decoding=\"async\" src=\"https:\/\/expo2023.org\/wp-content\/uploads\/2022\/06\/IMG_20220607_114051-scaled.jpg\" class=\"attachment-full size-full\" alt=\"\" \/><\/a>\n\t\t\t<\/div><\/figure><figure class='gallery-item'>\n\t\t\t<div class='gallery-icon landscape'>\n\t\t\t\t<a data-elementor-open-lightbox=\"yes\" data-elementor-lightbox-slideshow=\"7b34dd1\" data-elementor-lightbox-title=\"WhatsApp Image 2022-06-06 at 18.24.11 (1)\" data-e-action-hash=\"#elementor-action%3Aaction%3Dlightbox%26settings%3DeyJpZCI6MjIzMSwidXJsIjoiaHR0cHM6XC9cL2V4cG8yMDIzLm9yZ1wvd3AtY29udGVudFwvdXBsb2Fkc1wvMjAyMlwvMDZcL1doYXRzQXBwLUltYWdlLTIwMjItMDYtMDYtYXQtMTguMjQuMTEtMS5qcGVnIiwic2xpZGVzaG93IjoiN2IzNGRkMSJ9\" href='https:\/\/expo2023.org\/wp-content\/uploads\/2022\/06\/WhatsApp-Image-2022-06-06-at-18.24.11-1.jpeg'><img fetchpriority=\"high\" decoding=\"async\" width=\"1680\" height=\"1120\" src=\"https:\/\/expo2023.org\/wp-content\/uploads\/2022\/06\/WhatsApp-Image-2022-06-06-at-18.24.11-1.jpeg\" class=\"attachment-full size-full\" alt=\"\" srcset=\"https:\/\/expo2023.org\/wp-content\/uploads\/2022\/06\/WhatsApp-Image-2022-06-06-at-18.24.11-1.jpeg 1680w, https:\/\/expo2023.org\/wp-content\/uploads\/2022\/06\/WhatsApp-Image-2022-06-06-at-18.24.11-1-300x200.jpeg 300w, https:\/\/expo2023.org\/wp-content\/uploads\/2022\/06\/WhatsApp-Image-2022-06-06-at-18.24.11-1-1024x683.jpeg 1024w, https:\/\/expo2023.org\/wp-content\/uploads\/2022\/06\/WhatsApp-Image-2022-06-06-at-18.24.11-1-768x512.jpeg 768w, https:\/\/expo2023.org\/wp-content\/uploads\/2022\/06\/WhatsApp-Image-2022-06-06-at-18.24.11-1-1536x1024.jpeg 1536w\" sizes=\"(max-width: 1680px) 100vw, 1680px\" \/><\/a>\n\t\t\t<\/div><\/figure><figure class='gallery-item'>\n\t\t\t<div class='gallery-icon landscape'>\n\t\t\t\t<a data-elementor-open-lightbox=\"yes\" data-elementor-lightbox-slideshow=\"7b34dd1\" data-elementor-lightbox-title=\"WhatsApp Image 2022-06-06 at 22.20.28 (2)\" data-e-action-hash=\"#elementor-action%3Aaction%3Dlightbox%26settings%3DeyJpZCI6MjIzMywidXJsIjoiaHR0cHM6XC9cL2V4cG8yMDIzLm9yZ1wvd3AtY29udGVudFwvdXBsb2Fkc1wvMjAyMlwvMDZcL1doYXRzQXBwLUltYWdlLTIwMjItMDYtMDYtYXQtMjIuMjAuMjgtMi5qcGVnIiwic2xpZGVzaG93IjoiN2IzNGRkMSJ9\" href='https:\/\/expo2023.org\/wp-content\/uploads\/2022\/06\/WhatsApp-Image-2022-06-06-at-22.20.28-2.jpeg'><img decoding=\"async\" width=\"1024\" height=\"668\" src=\"https:\/\/expo2023.org\/wp-content\/uploads\/2022\/06\/WhatsApp-Image-2022-06-06-at-22.20.28-2.jpeg\" class=\"attachment-full size-full\" alt=\"\" srcset=\"https:\/\/expo2023.org\/wp-content\/uploads\/2022\/06\/WhatsApp-Image-2022-06-06-at-22.20.28-2.jpeg 1024w, https:\/\/expo2023.org\/wp-content\/uploads\/2022\/06\/WhatsApp-Image-2022-06-06-at-22.20.28-2-300x196.jpeg 300w, https:\/\/expo2023.org\/wp-content\/uploads\/2022\/06\/WhatsApp-Image-2022-06-06-at-22.20.28-2-768x501.jpeg 768w\" sizes=\"(max-width: 1024px) 100vw, 1024px\" \/><\/a>\n\t\t\t<\/div><\/figure><figure class='gallery-item'>\n\t\t\t<div class='gallery-icon landscape'>\n\t\t\t\t<a data-elementor-open-lightbox=\"yes\" data-elementor-lightbox-slideshow=\"7b34dd1\" data-elementor-lightbox-title=\"WhatsApp Image 2022-06-06 at 22.20.28 (1)\" data-e-action-hash=\"#elementor-action%3Aaction%3Dlightbox%26settings%3DeyJpZCI6MjIzNywidXJsIjoiaHR0cHM6XC9cL2V4cG8yMDIzLm9yZ1wvd3AtY29udGVudFwvdXBsb2Fkc1wvMjAyMlwvMDZcL1doYXRzQXBwLUltYWdlLTIwMjItMDYtMDYtYXQtMjIuMjAuMjgtMS0xLmpwZWciLCJzbGlkZXNob3ciOiI3YjM0ZGQxIn0%3D\" href='https:\/\/expo2023.org\/wp-content\/uploads\/2022\/06\/WhatsApp-Image-2022-06-06-at-22.20.28-1-1.jpeg'><img decoding=\"async\" width=\"1024\" height=\"732\" src=\"https:\/\/expo2023.org\/wp-content\/uploads\/2022\/06\/WhatsApp-Image-2022-06-06-at-22.20.28-1-1.jpeg\" class=\"attachment-full size-full\" alt=\"\" srcset=\"https:\/\/expo2023.org\/wp-content\/uploads\/2022\/06\/WhatsApp-Image-2022-06-06-at-22.20.28-1-1.jpeg 1024w, https:\/\/expo2023.org\/wp-content\/uploads\/2022\/06\/WhatsApp-Image-2022-06-06-at-22.20.28-1-1-300x214.jpeg 300w, https:\/\/expo2023.org\/wp-content\/uploads\/2022\/06\/WhatsApp-Image-2022-06-06-at-22.20.28-1-1-768x549.jpeg 768w\" sizes=\"(max-width: 1024px) 100vw, 1024px\" \/><\/a>\n\t\t\t<\/div><\/figure><figure class='gallery-item'>\n\t\t\t<div class='gallery-icon landscape'>\n\t\t\t\t<a data-elementor-open-lightbox=\"yes\" data-elementor-lightbox-slideshow=\"7b34dd1\" data-elementor-lightbox-title=\"Trabzon\" data-e-action-hash=\"#elementor-action%3Aaction%3Dlightbox%26settings%3DeyJpZCI6MjI0MywidXJsIjoiaHR0cHM6XC9cL2V4cG8yMDIzLm9yZ1wvd3AtY29udGVudFwvdXBsb2Fkc1wvMjAyMlwvMDZcL1RyYWJ6b24uanBlZyIsInNsaWRlc2hvdyI6IjdiMzRkZDEifQ%3D%3D\" href='https:\/\/expo2023.org\/wp-content\/uploads\/2022\/06\/Trabzon.jpeg'><img loading=\"lazy\" decoding=\"async\" width=\"1024\" height=\"768\" src=\"https:\/\/expo2023.org\/wp-content\/uploads\/2022\/06\/Trabzon.jpeg\" class=\"attachment-full size-full\" alt=\"\" srcset=\"https:\/\/expo2023.org\/wp-content\/uploads\/2022\/06\/Trabzon.jpeg 1024w, https:\/\/expo2023.org\/wp-content\/uploads\/2022\/06\/Trabzon-300x225.jpeg 300w, https:\/\/expo2023.org\/wp-content\/uploads\/2022\/06\/Trabzon-768x576.jpeg 768w\" sizes=\"(max-width: 1024px) 100vw, 1024px\" \/><\/a>\n\t\t\t<\/div><\/figure><figure class='gallery-item'>\n\t\t\t<div class='gallery-icon landscape'>\n\t\t\t\t<a data-elementor-open-lightbox=\"yes\" data-elementor-lightbox-slideshow=\"7b34dd1\" data-elementor-lightbox-title=\"Samsun\" data-e-action-hash=\"#elementor-action%3Aaction%3Dlightbox%26settings%3DeyJpZCI6MjI0NSwidXJsIjoiaHR0cHM6XC9cL2V4cG8yMDIzLm9yZ1wvd3AtY29udGVudFwvdXBsb2Fkc1wvMjAyMlwvMDZcL1NhbXN1bi5qcGVnIiwic2xpZGVzaG93IjoiN2IzNGRkMSJ9\" href='https:\/\/expo2023.org\/wp-content\/uploads\/2022\/06\/Samsun.jpeg'><img loading=\"lazy\" decoding=\"async\" width=\"1680\" height=\"1120\" src=\"https:\/\/expo2023.org\/wp-content\/uploads\/2022\/06\/Samsun.jpeg\" class=\"attachment-full size-full\" alt=\"\" srcset=\"https:\/\/expo2023.org\/wp-content\/uploads\/2022\/06\/Samsun.jpeg 1680w, https:\/\/expo2023.org\/wp-content\/uploads\/2022\/06\/Samsun-300x200.jpeg 300w, https:\/\/expo2023.org\/wp-content\/uploads\/2022\/06\/Samsun-1024x683.jpeg 1024w, https:\/\/expo2023.org\/wp-content\/uploads\/2022\/06\/Samsun-768x512.jpeg 768w, https:\/\/expo2023.org\/wp-content\/uploads\/2022\/06\/Samsun-1536x1024.jpeg 1536w\" sizes=\"(max-width: 1680px) 100vw, 1680px\" \/><\/a>\n\t\t\t<\/div><\/figure><figure class='gallery-item'>\n\t\t\t<div class='gallery-icon landscape'>\n\t\t\t\t<a data-elementor-open-lightbox=\"yes\" data-elementor-lightbox-slideshow=\"7b34dd1\" data-elementor-lightbox-title=\"Ordu\" data-e-action-hash=\"#elementor-action%3Aaction%3Dlightbox%26settings%3DeyJpZCI6MjI0NywidXJsIjoiaHR0cHM6XC9cL2V4cG8yMDIzLm9yZ1wvd3AtY29udGVudFwvdXBsb2Fkc1wvMjAyMlwvMDZcL09yZHUuanBlZyIsInNsaWRlc2hvdyI6IjdiMzRkZDEifQ%3D%3D\" href='https:\/\/expo2023.org\/wp-content\/uploads\/2022\/06\/Ordu.jpeg'><img loading=\"lazy\" decoding=\"async\" width=\"1024\" height=\"758\" src=\"https:\/\/expo2023.org\/wp-content\/uploads\/2022\/06\/Ordu.jpeg\" class=\"attachment-full size-full\" alt=\"\" srcset=\"https:\/\/expo2023.org\/wp-content\/uploads\/2022\/06\/Ordu.jpeg 1024w, https:\/\/expo2023.org\/wp-content\/uploads\/2022\/06\/Ordu-300x222.jpeg 300w, https:\/\/expo2023.org\/wp-content\/uploads\/2022\/06\/Ordu-768x569.jpeg 768w\" sizes=\"(max-width: 1024px) 100vw, 1024px\" \/><\/a>\n\t\t\t<\/div><\/figure>\n\t\t<\/div>\n\t\t<\/div>\n\t\t\t\t\t\t<\/div>\n\t\t\t\t<\/div>\n\t\t\t\t\t<\/div>\n\t\t<\/div>\n\t\t\t\t\t<\/div>\n\t\t<\/section>\n\t\t\t\t<\/div>\n\t\t","protected":false},"excerpt":{"rendered":"<p>Ba\u015fkan Mah\u00e7i\u00e7ek\u2019ten Karadeniz\u2019e EXPO 2023 ziyareti Oniki\u015fubat Belediyesi ev sahipli\u011finde d\u00fczenlenecek olan ve en az 50 \u00fclkenin kat\u0131laca\u011f\u0131 EXPO 2023 Oniki\u015fubat-Kahramanmara\u015f\u2019a, T\u00fcrkiye\u2019den b\u00fcy\u00fck\u015fehir ve il\u00e7e belediyelerinin de kat\u0131l\u0131m\u0131n\u0131 art\u0131rmak amac\u0131yla Karadeniz\u2019e \u00e7\u0131karma yapan Oniki\u015fubat Belediye Ba\u015fkan\u0131 Hanefi Mah\u00e7i\u00e7ek, Trabzon, Samsun, Ordu ve Giresun\u2019a ziyaretler ger\u00e7ekle\u015ftirerek, resmi davet mektuplar\u0131n\u0131 bizzat takdim etti. Oniki\u015fubat Belediye Ba\u015fkan\u0131 Hanefi [&hellip;]<\/p>\n","protected":false},"author":1,"featured_media":2227,"comment_status":"open","ping_status":"open","sticky":false,"template":"elementor_header_footer","format":"standard","meta":{"footnotes":""},"categories":[17,6],"tags":[],"class_list":["post-2225","post","type-post","status-publish","format-standard","has-post-thumbnail","hentry","category-haber","category-uncategorized"],"_links":{"self":[{"href":"https:\/\/expo2023.org\/en\/wp-json\/wp\/v2\/posts\/2225","targetHints":{"allow":["GET"]}}],"collection":[{"href":"https:\/\/expo2023.org\/en\/wp-json\/wp\/v2\/posts"}],"about":[{"href":"https:\/\/expo2023.org\/en\/wp-json\/wp\/v2\/types\/post"}],"author":[{"embeddable":true,"href":"https:\/\/expo2023.org\/en\/wp-json\/wp\/v2\/users\/1"}],"replies":[{"embeddable":true,"href":"https:\/\/expo2023.org\/en\/wp-json\/wp\/v2\/comments?post=2225"}],"version-history":[{"count":5,"href":"https:\/\/expo2023.org\/en\/wp-json\/wp\/v2\/posts\/2225\/revisions"}],"predecessor-version":[{"id":2255,"href":"https:\/\/expo2023.org\/en\/wp-json\/wp\/v2\/posts\/2225\/revisions\/2255"}],"wp:featuredmedia":[{"embeddable":true,"href":"https:\/\/expo2023.org\/en\/wp-json\/wp\/v2\/media\/2227"}],"wp:attachment":[{"href":"https:\/\/expo2023.org\/en\/wp-json\/wp\/v2\/media?parent=2225"}],"wp:term":[{"taxonomy":"category","embeddable":true,"href":"https:\/\/expo2023.org\/en\/wp-json\/wp\/v2\/categories?post=2225"},{"taxonomy":"post_tag","embeddable":true,"href":"https:\/\/expo2023.org\/en\/wp-json\/wp\/v2\/tags?post=2225"}],"curies":[{"name":"wp","href":"https:\/\/api.w.org\/{rel}","templated":true}]}}